{"id":2721,"date":"2023-10-23T17:26:04","date_gmt":"2023-10-23T15:26:04","guid":{"rendered":"https:\/\/www.wraadapband.cz\/?p=2721"},"modified":"2023-10-24T14:50:55","modified_gmt":"2023-10-24T12:50:55","slug":"wraadap-band-koncert-80-v-co-labs-v-brne","status":"publish","type":"post","link":"https:\/\/www.wraadapband.cz\/?p=2721","title":{"rendered":"WraaDap Band &#8211; Koncert &#8222;80&#8220; v CO.LABS v Brn\u011b"},"content":{"rendered":"\n<p>WraaDap Band V\u00e1s zve na n\u00e1\u0161 <strong>Koncert \u201e80\u201c.<\/strong> To\u0165 toti\u017e \u010d\u00edslo, je\u017e slav\u00ed zku\u0161en\u00fd jazzman a kapeln\u00edk Zden\u011bk Trebl\u00edk, kter\u00fd WraaDap Band zalo\u017eil a aktivn\u011b se mu v\u011bnuje u\u017e 15 let. Tak\u017ee slav\u00ed i cel\u00e1 kapela a Vy s n\u00e1mi, proto\u017ee bez V\u00e1s by to ne\u0161lo! <strong>P\u0159ij\u010fte sly\u0161et, tan\u010dit, ba hlavn\u011b slavit s n\u00e1mi 15 let kapely a 80 let Zde\u0148ka Trebl\u00edka!<\/strong><\/p>\n\n\n\n<p>Koncert se kon\u00e1 <strong>23.11.2023 <\/strong>a tentokr\u00e1t budeme hr\u00e1t pro n\u00e1s na nov\u00e9m m\u00edst\u011b, a to v&nbsp;prostor\u00e1ch <strong>Kulturn\u00edho centra CO.LABS<\/strong> na Kounicov\u011b 20 v&nbsp;Brn\u011b. Koncert za\u010d\u00edn\u00e1 <strong>ve&nbsp;20:00 hod<\/strong>.<\/p>\n\n\n\n<p>M\u016f\u017eete se t\u011b\u0161it na ve\u010der pln\u00fd hudby a na\u0161e b\u00e1je\u010dn\u00e9 hosty jako <strong>Zuzanu Gamboa <\/strong>(<a href=\"https:\/\/www.zuzanagamboa.com\/o-zuzan%C4%9B\">https:\/\/www.zuzanagamboa.com\/o-zuzan%C4%9B<\/a>), <strong>Jaroslava Zvon\u00edka a dal\u0161\u00ed jazzov\u00e9 brn\u011bnsk\u00e9 legendy<\/strong>, kter\u00e9 dlouh\u00e9 roky s na\u0161\u00edm kapeln\u00edkem vystupovaly a hr\u00e1ly.<\/p>\n\n\n\n<p>Odkaz na ud\u00e1lost na FB <a href=\"https:\/\/www.facebook.com\/events\/6390423411063748?ref=newsfeed\">https:\/\/www.facebook.com\/events\/6390423411063748?ref=newsfeed<\/a><\/p>\n\n\n\n<p>Vstupenky za 200 K\u010d lze zakoupit na m\u00edst\u011b nebo v\u00a0p\u0159edprodeji na <a href=\"https:\/\/www.smsticket.cz\/vstupenky\/39652-wraadap-band-koncert-80-co-labs-brno?utm_medium=anchor\" target=\"_blank\" rel=\"noreferrer noopener\">https:\/\/www.smsticket.cz\/vstupenky\/39652-wraadap-band-koncert-80-co-labs-brno?utm_medium=anchor <\/a><\/p>\n\n\n\n<figure class=\"wp-block-image size-large\"><a href=\"https:\/\/www.wraadapband.cz\/wp-content\/uploads\/2023\/10\/PlakatCoLabs2023-11-23_bar_A3_150dpi.jpg\"><img loading=\"lazy\" decoding=\"async\" width=\"725\" height=\"1024\" src=\"https:\/\/www.wraadapband.cz\/wp-content\/uploads\/2023\/10\/PlakatCoLabs2023-11-23_bar_A3_150dpi-725x1024.jpg\" alt=\"\" class=\"wp-image-2722\" srcset=\"https:\/\/www.wraadapband.cz\/wp-content\/uploads\/2023\/10\/PlakatCoLabs2023-11-23_bar_A3_150dpi-725x1024.jpg 725w, https:\/\/www.wraadapband.cz\/wp-content\/uploads\/2023\/10\/PlakatCoLabs2023-11-23_bar_A3_150dpi-212x300.jpg 212w, https:\/\/www.wraadapband.cz\/wp-content\/uploads\/2023\/10\/PlakatCoLabs2023-11-23_bar_A3_150dpi-768x1085.jpg 768w, https:\/\/www.wraadapband.cz\/wp-content\/uploads\/2023\/10\/PlakatCoLabs2023-11-23_bar_A3_150dpi-1088x1536.jpg 1088w, https:\/\/www.wraadapband.cz\/wp-content\/uploads\/2023\/10\/PlakatCoLabs2023-11-23_bar_A3_150dpi.jpg 1242w\" sizes=\"auto, (max-width: 725px) 100vw, 725px\" \/><\/a><\/figure>\n","protected":false},"excerpt":{"rendered":"<p>WraaDap Band V\u00e1s zve na n\u00e1\u0161 Koncert \u201e80\u201c. To\u0165 toti\u017e \u010d\u00edslo, je\u017e slav\u00ed zku\u0161en\u00fd jazzman a kapeln\u00edk Zden\u011bk Trebl\u00edk, kter\u00fd WraaDap Band zalo\u017eil a aktivn\u011b se mu v\u011bnuje u\u017e 15 let. Tak\u017ee slav\u00ed i cel\u00e1 kapela a Vy s n\u00e1mi, proto\u017ee bez V\u00e1s by to ne\u0161lo! P\u0159ij\u010fte sly\u0161et, tan\u010dit, ba hlavn\u011b slavit s n\u00e1mi 15 <a class=\"more-link\" href=\"https:\/\/www.wraadapband.cz\/?p=2721\">V\u00edce&#8230;<\/a><\/p>\n","protected":false},"author":2,"featured_media":2722,"comment_status":"closed","ping_status":"open","sticky":false,"template":"","format":"standard","meta":{"footnotes":""},"categories":[1],"tags":[],"class_list":["post-2721","post","type-post","status-publish","format-standard","has-post-thumbnail","hentry","category-aktuality"],"_links":{"self":[{"href":"https:\/\/www.wraadapband.cz\/index.php?rest_route=\/wp\/v2\/posts\/2721","targetHints":{"allow":["GET"]}}],"collection":[{"href":"https:\/\/www.wraadapband.cz\/index.php?rest_route=\/wp\/v2\/posts"}],"about":[{"href":"https:\/\/www.wraadapband.cz\/index.php?rest_route=\/wp\/v2\/types\/post"}],"author":[{"embeddable":true,"href":"https:\/\/www.wraadapband.cz\/index.php?rest_route=\/wp\/v2\/users\/2"}],"replies":[{"embeddable":true,"href":"https:\/\/www.wraadapband.cz\/index.php?rest_route=%2Fwp%2Fv2%2Fcomments&post=2721"}],"version-history":[{"count":3,"href":"https:\/\/www.wraadapband.cz\/index.php?rest_route=\/wp\/v2\/posts\/2721\/revisions"}],"predecessor-version":[{"id":2846,"href":"https:\/\/www.wraadapband.cz\/index.php?rest_route=\/wp\/v2\/posts\/2721\/revisions\/2846"}],"wp:featuredmedia":[{"embeddable":true,"href":"https:\/\/www.wraadapband.cz\/index.php?rest_route=\/wp\/v2\/media\/2722"}],"wp:attachment":[{"href":"https:\/\/www.wraadapband.cz\/index.php?rest_route=%2Fwp%2Fv2%2Fmedia&parent=2721"}],"wp:term":[{"taxonomy":"category","embeddable":true,"href":"https:\/\/www.wraadapband.cz\/index.php?rest_route=%2Fwp%2Fv2%2Fcategories&post=2721"},{"taxonomy":"post_tag","embeddable":true,"href":"https:\/\/www.wraadapband.cz\/index.php?rest_route=%2Fwp%2Fv2%2Ftags&post=2721"}],"curies":[{"name":"wp","href":"https:\/\/api.w.org\/{rel}","templated":true}]}}