{"id":2708,"date":"2023-06-14T16:59:28","date_gmt":"2023-06-14T14:59:28","guid":{"rendered":"https:\/\/www.wraadapband.cz\/?p=2708"},"modified":"2023-06-14T16:59:29","modified_gmt":"2023-06-14T14:59:29","slug":"mozartovy-deti-a-wraadap-band-na-svobodaku-v-brne","status":"publish","type":"post","link":"https:\/\/www.wraadapband.cz\/?p=2708","title":{"rendered":"Mozartovy d\u011bti a WraaDap Band na Svobo\u010f\u00e1ku v Brn\u011b"},"content":{"rendered":"\n<p>Mil\u00ed p\u0159\u00e1tel\u00e9 jazzov\u00e9 hudby, s velkou radost\u00ed v\u00e1s v\u0161echny zveme na hudebn\u00ed festival Mozartovy d\u011bti, kter\u00fd po\u0159\u00e1d\u00e1 Filharmonie Brno ve spolupr\u00e1ci ZU\u0160 Smetanova 8 v r\u00e1mci festivalu z\u00e1bav \u201eBrno \u2013 m\u011bsto uprost\u0159ed Evropy\u201c.<\/p>\n\n\n\n<p>Spole\u010dn\u011b s ostatn\u00edmi mlad\u00fdmi talentovan\u00fdmi um\u011blci ze z\u00e1kladn\u00edch um\u011bleck\u00fdch \u0161kol Jihomoravsk\u00e9ho kraje n\u00e1\u0161 WraaDap Band vystoup\u00ed tuto sobotu 17.6.2023 v 10:30 na n\u00e1m. Svobody v Brn\u011b.<\/p>\n\n\n\n<p>Vstupn\u00e9 \u017e\u00e1dn\u00e9 nen\u00ed, prost\u011b p\u0159ij\u010fte.<\/p>\n\n\n\n<p>Cel\u00fd program festivalu naleznete zde <a href=\"https:\/\/filharmonie-brno.cz\/mozartovy-deti\/\">https:\/\/filharmonie-brno.cz\/mozartovy-deti\/<\/a><\/p>\n\n\n\n<figure class=\"wp-block-image size-large\"><a href=\"https:\/\/www.wraadapband.cz\/wp-content\/uploads\/2023\/06\/19452869_10158910776465367_7055980261830798041_o-1.jpg\"><img loading=\"lazy\" decoding=\"async\" width=\"1024\" height=\"683\" src=\"https:\/\/www.wraadapband.cz\/wp-content\/uploads\/2023\/06\/19452869_10158910776465367_7055980261830798041_o-1-1024x683.jpg\" alt=\"\" class=\"wp-image-2710\" srcset=\"https:\/\/www.wraadapband.cz\/wp-content\/uploads\/2023\/06\/19452869_10158910776465367_7055980261830798041_o-1-1024x683.jpg 1024w, https:\/\/www.wraadapband.cz\/wp-content\/uploads\/2023\/06\/19452869_10158910776465367_7055980261830798041_o-1-300x200.jpg 300w, https:\/\/www.wraadapband.cz\/wp-content\/uploads\/2023\/06\/19452869_10158910776465367_7055980261830798041_o-1-768x512.jpg 768w, https:\/\/www.wraadapband.cz\/wp-content\/uploads\/2023\/06\/19452869_10158910776465367_7055980261830798041_o-1-1536x1025.jpg 1536w, https:\/\/www.wraadapband.cz\/wp-content\/uploads\/2023\/06\/19452869_10158910776465367_7055980261830798041_o-1.jpg 2048w\" sizes=\"auto, (max-width: 1024px) 100vw, 1024px\" \/><\/a><\/figure>\n","protected":false},"excerpt":{"rendered":"<p>Mil\u00ed p\u0159\u00e1tel\u00e9 jazzov\u00e9 hudby, s velkou radost\u00ed v\u00e1s v\u0161echny zveme na hudebn\u00ed festival Mozartovy d\u011bti, kter\u00fd po\u0159\u00e1d\u00e1 Filharmonie Brno ve spolupr\u00e1ci ZU\u0160 Smetanova 8 v r\u00e1mci festivalu z\u00e1bav \u201eBrno \u2013 m\u011bsto uprost\u0159ed Evropy\u201c. Spole\u010dn\u011b s ostatn\u00edmi mlad\u00fdmi talentovan\u00fdmi um\u011blci ze z\u00e1kladn\u00edch um\u011bleck\u00fdch \u0161kol Jihomoravsk\u00e9ho kraje n\u00e1\u0161 WraaDap Band vystoup\u00ed tuto sobotu 17.6.2023 v 10:30 na <a class=\"more-link\" href=\"https:\/\/www.wraadapband.cz\/?p=2708\">V\u00edce&#8230;<\/a><\/p>\n","protected":false},"author":2,"featured_media":2709,"comment_status":"closed","ping_status":"open","sticky":false,"template":"","format":"standard","meta":{"footnotes":""},"categories":[1],"tags":[],"class_list":["post-2708","post","type-post","status-publish","format-standard","has-post-thumbnail","hentry","category-aktuality"],"_links":{"self":[{"href":"https:\/\/www.wraadapband.cz\/index.php?rest_route=\/wp\/v2\/posts\/2708","targetHints":{"allow":["GET"]}}],"collection":[{"href":"https:\/\/www.wraadapband.cz\/index.php?rest_route=\/wp\/v2\/posts"}],"about":[{"href":"https:\/\/www.wraadapband.cz\/index.php?rest_route=\/wp\/v2\/types\/post"}],"author":[{"embeddable":true,"href":"https:\/\/www.wraadapband.cz\/index.php?rest_route=\/wp\/v2\/users\/2"}],"replies":[{"embeddable":true,"href":"https:\/\/www.wraadapband.cz\/index.php?rest_route=%2Fwp%2Fv2%2Fcomments&post=2708"}],"version-history":[{"count":1,"href":"https:\/\/www.wraadapband.cz\/index.php?rest_route=\/wp\/v2\/posts\/2708\/revisions"}],"predecessor-version":[{"id":2711,"href":"https:\/\/www.wraadapband.cz\/index.php?rest_route=\/wp\/v2\/posts\/2708\/revisions\/2711"}],"wp:featuredmedia":[{"embeddable":true,"href":"https:\/\/www.wraadapband.cz\/index.php?rest_route=\/wp\/v2\/media\/2709"}],"wp:attachment":[{"href":"https:\/\/www.wraadapband.cz\/index.php?rest_route=%2Fwp%2Fv2%2Fmedia&parent=2708"}],"wp:term":[{"taxonomy":"category","embeddable":true,"href":"https:\/\/www.wraadapband.cz\/index.php?rest_route=%2Fwp%2Fv2%2Fcategories&post=2708"},{"taxonomy":"post_tag","embeddable":true,"href":"https:\/\/www.wraadapband.cz\/index.php?rest_route=%2Fwp%2Fv2%2Ftags&post=2708"}],"curies":[{"name":"wp","href":"https:\/\/api.w.org\/{rel}","templated":true}]}}