{"id":2669,"date":"2023-01-09T15:43:45","date_gmt":"2023-01-09T14:43:45","guid":{"rendered":"https:\/\/www.wraadapband.cz\/?p=2669"},"modified":"2023-01-09T15:45:28","modified_gmt":"2023-01-09T14:45:28","slug":"wraadap-band-hraje-na-5-archivni-plese-18-2-2023","status":"publish","type":"post","link":"https:\/\/www.wraadapband.cz\/?p=2669","title":{"rendered":"WraaDap Band hraje na 5. Archivn\u00edm plese &#8211; 18. 2. 2023"},"content":{"rendered":"\n<p class=\"has-text-color\" style=\"color:#d1d1d1\">V\u00e1\u017een\u00ed p\u0159\u00e1tel\u00e9 swingov\u00e9 hudby a tance, <\/p>\n\n\n\n<p class=\"has-text-color\" style=\"color:#d1d1d1\">d\u00e1v\u00e1me na v\u011bdomost, \u017ee dne 18. 2. 2023 n\u00e1s bude sly\u0161eno a vid\u011bno na 5. Archivn\u00edm plese po\u0159\u00e1dan\u00e9m Brn\u011bnskou pobo\u010dkou \u010cesk\u00e9 archivn\u00ed spole\u010dnosti ve spolupr\u00e1ci a Archivem m\u011bsta Brna.<\/p>\n\n\n\n<p class=\"has-text-color\" style=\"color:#d1d1d1\">Ples se kon\u00e1 v kr\u00e1sn\u00e9m s\u00e1le Kulturn\u00ed centra SEMILASSO a nen\u00ed jen pro archiv\u00e1\u0159e :).<\/p>\n\n\n\n<p class=\"has-text-color\" style=\"color:#d1d1d1\">Vstupn\u00e9 je 450 K\u010d a zahrnuje slosovateln\u00fd kup\u00f3n. Pro n\u00e1kup vstupenek kontaktuje Terezu Li\u0161kovou (email: liskova.ter@mail.muni.cz, tel.: 724 593 187).<\/p>\n\n\n\n<figure class=\"wp-block-gallery columns-1 is-cropped wp-block-gallery-1 is-layout-flex wp-block-gallery-is-layout-flex\"><ul class=\"blocks-gallery-grid\"><li class=\"blocks-gallery-item\"><figure><a href=\"https:\/\/www.wraadapband.cz\/wp-content\/uploads\/2023\/01\/CTP_archivni_ples_2023_plakat_A4-scaled.jpg\"><img loading=\"lazy\" decoding=\"async\" width=\"724\" height=\"1024\" src=\"https:\/\/www.wraadapband.cz\/wp-content\/uploads\/2023\/01\/CTP_archivni_ples_2023_plakat_A4-724x1024.jpg\" alt=\"\" data-id=\"2670\" data-full-url=\"https:\/\/www.wraadapband.cz\/wp-content\/uploads\/2023\/01\/CTP_archivni_ples_2023_plakat_A4-scaled.jpg\" data-link=\"https:\/\/www.wraadapband.cz\/?attachment_id=2670#main\" class=\"wp-image-2670\" srcset=\"https:\/\/www.wraadapband.cz\/wp-content\/uploads\/2023\/01\/CTP_archivni_ples_2023_plakat_A4-724x1024.jpg 724w, https:\/\/www.wraadapband.cz\/wp-content\/uploads\/2023\/01\/CTP_archivni_ples_2023_plakat_A4-212x300.jpg 212w, https:\/\/www.wraadapband.cz\/wp-content\/uploads\/2023\/01\/CTP_archivni_ples_2023_plakat_A4-768x1086.jpg 768w, https:\/\/www.wraadapband.cz\/wp-content\/uploads\/2023\/01\/CTP_archivni_ples_2023_plakat_A4-1086x1536.jpg 1086w, https:\/\/www.wraadapband.cz\/wp-content\/uploads\/2023\/01\/CTP_archivni_ples_2023_plakat_A4-1448x2048.jpg 1448w, https:\/\/www.wraadapband.cz\/wp-content\/uploads\/2023\/01\/CTP_archivni_ples_2023_plakat_A4-scaled.jpg 1810w\" sizes=\"auto, (max-width: 724px) 100vw, 724px\" \/><\/a><\/figure><\/li><\/ul><\/figure>\n","protected":false},"excerpt":{"rendered":"<p>V\u00e1\u017een\u00ed p\u0159\u00e1tel\u00e9 swingov\u00e9 hudby a tance, d\u00e1v\u00e1me na v\u011bdomost, \u017ee dne 18. 2. 2023 n\u00e1s bude sly\u0161eno a vid\u011bno na 5. Archivn\u00edm plese po\u0159\u00e1dan\u00e9m Brn\u011bnskou pobo\u010dkou \u010cesk\u00e9 archivn\u00ed spole\u010dnosti ve spolupr\u00e1ci a Archivem m\u011bsta Brna. Ples se kon\u00e1 v kr\u00e1sn\u00e9m s\u00e1le Kulturn\u00ed centra SEMILASSO a nen\u00ed jen pro archiv\u00e1\u0159e :). Vstupn\u00e9 je 450 K\u010d a <a class=\"more-link\" href=\"https:\/\/www.wraadapband.cz\/?p=2669\">V\u00edce&#8230;<\/a><\/p>\n","protected":false},"author":2,"featured_media":2670,"comment_status":"closed","ping_status":"open","sticky":false,"template":"","format":"standard","meta":{"footnotes":""},"categories":[1],"tags":[],"class_list":["post-2669","post","type-post","status-publish","format-standard","has-post-thumbnail","hentry","category-aktuality"],"_links":{"self":[{"href":"https:\/\/www.wraadapband.cz\/index.php?rest_route=\/wp\/v2\/posts\/2669","targetHints":{"allow":["GET"]}}],"collection":[{"href":"https:\/\/www.wraadapband.cz\/index.php?rest_route=\/wp\/v2\/posts"}],"about":[{"href":"https:\/\/www.wraadapband.cz\/index.php?rest_route=\/wp\/v2\/types\/post"}],"author":[{"embeddable":true,"href":"https:\/\/www.wraadapband.cz\/index.php?rest_route=\/wp\/v2\/users\/2"}],"replies":[{"embeddable":true,"href":"https:\/\/www.wraadapband.cz\/index.php?rest_route=%2Fwp%2Fv2%2Fcomments&post=2669"}],"version-history":[{"count":3,"href":"https:\/\/www.wraadapband.cz\/index.php?rest_route=\/wp\/v2\/posts\/2669\/revisions"}],"predecessor-version":[{"id":2674,"href":"https:\/\/www.wraadapband.cz\/index.php?rest_route=\/wp\/v2\/posts\/2669\/revisions\/2674"}],"wp:featuredmedia":[{"embeddable":true,"href":"https:\/\/www.wraadapband.cz\/index.php?rest_route=\/wp\/v2\/media\/2670"}],"wp:attachment":[{"href":"https:\/\/www.wraadapband.cz\/index.php?rest_route=%2Fwp%2Fv2%2Fmedia&parent=2669"}],"wp:term":[{"taxonomy":"category","embeddable":true,"href":"https:\/\/www.wraadapband.cz\/index.php?rest_route=%2Fwp%2Fv2%2Fcategories&post=2669"},{"taxonomy":"post_tag","embeddable":true,"href":"https:\/\/www.wraadapband.cz\/index.php?rest_route=%2Fwp%2Fv2%2Ftags&post=2669"}],"curies":[{"name":"wp","href":"https:\/\/api.w.org\/{rel}","templated":true}]}}