{"id":2650,"date":"2022-10-31T13:55:20","date_gmt":"2022-10-31T12:55:20","guid":{"rendered":"http:\/\/www.wraadapband.cz\/?p=2650"},"modified":"2022-10-31T14:02:29","modified_gmt":"2022-10-31T13:02:29","slug":"advent-na-zelnaku-25-11-2022","status":"publish","type":"post","link":"https:\/\/www.wraadapband.cz\/?p=2650","title":{"rendered":"Advent na Zel\u0148\u00e1ku 25.11.2022"},"content":{"rendered":"\n<p class=\"has-text-color\" style=\"color:#d1d1d1\">Swing a jazz pod \u0161ir\u00fdm nebem! A k tomu p\u0159id\u00e1me p\u00e1r v\u00e1no\u010dn\u00edch skladeb!<\/p>\n\n\n\n<p class=\"has-text-color\" style=\"color:#d1d1d1\">Cel\u00e1 big banda pod veden\u00edm brn\u011bnsk\u00e9ho jazzmana Zde\u0148ka Trebl\u00edka si na v\u00e1s brous\u00ed jazzuby. Tak vezm\u011bte sebe i sv\u00e9 p\u0159\u00e1tele, tepl\u00e9 se oble\u010den\u00ed a p\u0159ij\u010fte v p\u00e1tek 25.11.2022 v 17:30 na Zeln\u00fd trh v Brn\u011b.<\/p>\n\n\n\n<p class=\"has-text-color\" style=\"color:#d1d1d1\">Zp\u00edvat bude B\u00e1ra Kocandov\u00e1, Gizela Z\u00e1d\u011brov\u00e1, Marek \u0160ud\u00e1k a \u0160imon \u0158ih\u00e1nek.<\/p>\n\n\n\n<p class=\"has-text-color\" style=\"color:#d1d1d1\">Dokonce v 18:00 bude slavnostn\u00ed rozsv\u00edcen\u00ed v\u00e1no\u010dn\u00edho strome\u010dku.<\/p>\n\n\n\n<figure class=\"wp-block-image size-large is-resized\"><a href=\"https:\/\/www.wraadapband.cz\/wp-content\/uploads\/2022\/10\/IMG_20151213_161147-scaled.jpg\"><img loading=\"lazy\" decoding=\"async\" src=\"https:\/\/www.wraadapband.cz\/wp-content\/uploads\/2022\/10\/IMG_20151213_161147-1024x768.jpg\" alt=\"\" class=\"wp-image-2651\" width=\"841\" height=\"632\" srcset=\"https:\/\/www.wraadapband.cz\/wp-content\/uploads\/2022\/10\/IMG_20151213_161147-1024x768.jpg 1024w, https:\/\/www.wraadapband.cz\/wp-content\/uploads\/2022\/10\/IMG_20151213_161147-300x225.jpg 300w, https:\/\/www.wraadapband.cz\/wp-content\/uploads\/2022\/10\/IMG_20151213_161147-768x576.jpg 768w, https:\/\/www.wraadapband.cz\/wp-content\/uploads\/2022\/10\/IMG_20151213_161147-1536x1152.jpg 1536w, https:\/\/www.wraadapband.cz\/wp-content\/uploads\/2022\/10\/IMG_20151213_161147-2048x1536.jpg 2048w\" sizes=\"auto, (max-width: 841px) 100vw, 841px\" \/><\/a><\/figure>\n","protected":false},"excerpt":{"rendered":"<p>Swing a jazz pod \u0161ir\u00fdm nebem! A k tomu p\u0159id\u00e1me p\u00e1r v\u00e1no\u010dn\u00edch skladeb! Cel\u00e1 big banda pod veden\u00edm brn\u011bnsk\u00e9ho jazzmana Zde\u0148ka Trebl\u00edka si na v\u00e1s brous\u00ed jazzuby. Tak vezm\u011bte sebe i sv\u00e9 p\u0159\u00e1tele, tepl\u00e9 se oble\u010den\u00ed a p\u0159ij\u010fte v p\u00e1tek 25.11.2022 v 17:30 na Zeln\u00fd trh v Brn\u011b. Zp\u00edvat bude B\u00e1ra Kocandov\u00e1, Gizela Z\u00e1d\u011brov\u00e1, Marek <a class=\"more-link\" href=\"https:\/\/www.wraadapband.cz\/?p=2650\">V\u00edce&#8230;<\/a><\/p>\n","protected":false},"author":2,"featured_media":2651,"comment_status":"closed","ping_status":"open","sticky":false,"template":"","format":"standard","meta":{"footnotes":""},"categories":[1],"tags":[],"class_list":["post-2650","post","type-post","status-publish","format-standard","has-post-thumbnail","hentry","category-aktuality"],"_links":{"self":[{"href":"https:\/\/www.wraadapband.cz\/index.php?rest_route=\/wp\/v2\/posts\/2650","targetHints":{"allow":["GET"]}}],"collection":[{"href":"https:\/\/www.wraadapband.cz\/index.php?rest_route=\/wp\/v2\/posts"}],"about":[{"href":"https:\/\/www.wraadapband.cz\/index.php?rest_route=\/wp\/v2\/types\/post"}],"author":[{"embeddable":true,"href":"https:\/\/www.wraadapband.cz\/index.php?rest_route=\/wp\/v2\/users\/2"}],"replies":[{"embeddable":true,"href":"https:\/\/www.wraadapband.cz\/index.php?rest_route=%2Fwp%2Fv2%2Fcomments&post=2650"}],"version-history":[{"count":2,"href":"https:\/\/www.wraadapband.cz\/index.php?rest_route=\/wp\/v2\/posts\/2650\/revisions"}],"predecessor-version":[{"id":2655,"href":"https:\/\/www.wraadapband.cz\/index.php?rest_route=\/wp\/v2\/posts\/2650\/revisions\/2655"}],"wp:featuredmedia":[{"embeddable":true,"href":"https:\/\/www.wraadapband.cz\/index.php?rest_route=\/wp\/v2\/media\/2651"}],"wp:attachment":[{"href":"https:\/\/www.wraadapband.cz\/index.php?rest_route=%2Fwp%2Fv2%2Fmedia&parent=2650"}],"wp:term":[{"taxonomy":"category","embeddable":true,"href":"https:\/\/www.wraadapband.cz\/index.php?rest_route=%2Fwp%2Fv2%2Fcategories&post=2650"},{"taxonomy":"post_tag","embeddable":true,"href":"https:\/\/www.wraadapband.cz\/index.php?rest_route=%2Fwp%2Fv2%2Ftags&post=2650"}],"curies":[{"name":"wp","href":"https:\/\/api.w.org\/{rel}","templated":true}]}}