{"id":2620,"date":"2022-03-03T00:42:32","date_gmt":"2022-03-02T22:42:32","guid":{"rendered":"http:\/\/www.wraadapband.cz\/?p=2620"},"modified":"2022-03-03T14:49:55","modified_gmt":"2022-03-03T12:49:55","slug":"hrajeme-v-metro-music-baru-23-3-2022","status":"publish","type":"post","link":"https:\/\/www.wraadapband.cz\/?p=2620","title":{"rendered":"Hrajeme v Metro Music Baru &#8211; 23.3.2022"},"content":{"rendered":"\n<p>St\u00e1le jsme p\u0159ev\u00e1\u017en\u011b mlad\u00e1 brn\u011bnsk\u00e1 sme\u010dka s ambicemi hr\u00e1t hudbu velk\u00fdch big band\u016f pod veden\u00edm zku\u0161en\u00e9ho krotitele Zde\u0148ka Trebl\u00edka a chceme v\u0161em p\u0159edstavit um\u011bn\u00ed star\u00fdch jazzov\u00fdch a swingov\u00fdch mistr\u016f. Hrajeme k tanci i k poslechu.<\/p>\n\n\n\n<p>23.3.2022 v 20:00 n\u00e1s najdete v Metro Music Baru <a href=\"https:\/\/www.metromusic.cz\/program\/wraadap-band-ze-smetnky-zdenka-treblika\/\">https:\/\/www.metromusic.cz\/program\/wraadap-band-ze-smetnky-zdenka-treblika\/<\/a><\/p>\n\n\n\n<p>Vstupn\u00e9 na m\u00edst\u011b 100 K\u010d.<\/p>\n\n\n\n<figure class=\"wp-block-image size-large is-resized\"><a href=\"https:\/\/www.wraadapband.cz\/wp-content\/uploads\/2022\/03\/plakat.png\"><img loading=\"lazy\" decoding=\"async\" src=\"https:\/\/www.wraadapband.cz\/wp-content\/uploads\/2022\/03\/plakat-725x1024.png\" alt=\"\" class=\"wp-image-2621\" width=\"544\" height=\"768\" srcset=\"https:\/\/www.wraadapband.cz\/wp-content\/uploads\/2022\/03\/plakat-725x1024.png 725w, https:\/\/www.wraadapband.cz\/wp-content\/uploads\/2022\/03\/plakat-212x300.png 212w, https:\/\/www.wraadapband.cz\/wp-content\/uploads\/2022\/03\/plakat-768x1085.png 768w, https:\/\/www.wraadapband.cz\/wp-content\/uploads\/2022\/03\/plakat-1087x1536.png 1087w, https:\/\/www.wraadapband.cz\/wp-content\/uploads\/2022\/03\/plakat.png 1449w\" sizes=\"auto, (max-width: 544px) 100vw, 544px\" \/><\/a><\/figure>\n","protected":false},"excerpt":{"rendered":"<p>St\u00e1le jsme p\u0159ev\u00e1\u017en\u011b mlad\u00e1 brn\u011bnsk\u00e1 sme\u010dka s ambicemi hr\u00e1t hudbu velk\u00fdch big band\u016f pod veden\u00edm zku\u0161en\u00e9ho krotitele Zde\u0148ka Trebl\u00edka a chceme v\u0161em p\u0159edstavit um\u011bn\u00ed star\u00fdch jazzov\u00fdch a swingov\u00fdch mistr\u016f. Hrajeme k tanci i k poslechu. 23.3.2022 v 20:00 n\u00e1s najdete v Metro Music Baru https:\/\/www.metromusic.cz\/program\/wraadap-band-ze-smetnky-zdenka-treblika\/ Vstupn\u00e9 na m\u00edst\u011b 100 K\u010d.<\/p>\n","protected":false},"author":2,"featured_media":2621,"comment_status":"closed","ping_status":"open","sticky":false,"template":"","format":"standard","meta":{"footnotes":""},"categories":[1,6],"tags":[],"class_list":["post-2620","post","type-post","status-publish","format-standard","has-post-thumbnail","hentry","category-aktuality","category-koncerty"],"_links":{"self":[{"href":"https:\/\/www.wraadapband.cz\/index.php?rest_route=\/wp\/v2\/posts\/2620","targetHints":{"allow":["GET"]}}],"collection":[{"href":"https:\/\/www.wraadapband.cz\/index.php?rest_route=\/wp\/v2\/posts"}],"about":[{"href":"https:\/\/www.wraadapband.cz\/index.php?rest_route=\/wp\/v2\/types\/post"}],"author":[{"embeddable":true,"href":"https:\/\/www.wraadapband.cz\/index.php?rest_route=\/wp\/v2\/users\/2"}],"replies":[{"embeddable":true,"href":"https:\/\/www.wraadapband.cz\/index.php?rest_route=%2Fwp%2Fv2%2Fcomments&post=2620"}],"version-history":[{"count":2,"href":"https:\/\/www.wraadapband.cz\/index.php?rest_route=\/wp\/v2\/posts\/2620\/revisions"}],"predecessor-version":[{"id":2623,"href":"https:\/\/www.wraadapband.cz\/index.php?rest_route=\/wp\/v2\/posts\/2620\/revisions\/2623"}],"wp:featuredmedia":[{"embeddable":true,"href":"https:\/\/www.wraadapband.cz\/index.php?rest_route=\/wp\/v2\/media\/2621"}],"wp:attachment":[{"href":"https:\/\/www.wraadapband.cz\/index.php?rest_route=%2Fwp%2Fv2%2Fmedia&parent=2620"}],"wp:term":[{"taxonomy":"category","embeddable":true,"href":"https:\/\/www.wraadapband.cz\/index.php?rest_route=%2Fwp%2Fv2%2Fcategories&post=2620"},{"taxonomy":"post_tag","embeddable":true,"href":"https:\/\/www.wraadapband.cz\/index.php?rest_route=%2Fwp%2Fv2%2Ftags&post=2620"}],"curies":[{"name":"wp","href":"https:\/\/api.w.org\/{rel}","templated":true}]}}