{"id":2561,"date":"2020-01-07T19:00:49","date_gmt":"2020-01-07T17:00:49","guid":{"rendered":"http:\/\/www.wraadapband.cz\/?p=2561"},"modified":"2020-04-28T13:22:34","modified_gmt":"2020-04-28T11:22:34","slug":"swingovy-ples-13-3-2020","status":"publish","type":"post","link":"https:\/\/www.wraadapband.cz\/?p=2561","title":{"rendered":"Swingov\u00fd ples 13.3.2020"},"content":{"rendered":"\n<figure class=\"wp-block-image\"><img loading=\"lazy\" decoding=\"async\" width=\"1024\" height=\"582\" src=\"https:\/\/www.wraadapband.cz\/wp-content\/uploads\/2020\/01\/Swingov\u00fd-ples-2020_banner-1024x582.jpg\" alt=\"\" class=\"wp-image-2568\" srcset=\"https:\/\/www.wraadapband.cz\/wp-content\/uploads\/2020\/01\/Swingov\u00fd-ples-2020_banner-1024x582.jpg 1024w, https:\/\/www.wraadapband.cz\/wp-content\/uploads\/2020\/01\/Swingov\u00fd-ples-2020_banner-300x171.jpg 300w, https:\/\/www.wraadapband.cz\/wp-content\/uploads\/2020\/01\/Swingov\u00fd-ples-2020_banner-768x437.jpg 768w, https:\/\/www.wraadapband.cz\/wp-content\/uploads\/2020\/01\/Swingov\u00fd-ples-2020_banner.jpg 1358w\" sizes=\"auto, (max-width: 1024px) 100vw, 1024px\" \/><\/figure>\n\n\n\n<p>V\u00e1\u017een\u00ed p\u0159\u00e1tel\u00e9 swingov\u00e9 hudby a tance,<\/p>\n\n\n\n<p>i v leto\u0161n\u00edm roce bychom v\u00e1s v\u0161echny r\u00e1di pozvali na ji\u017e tradi\u010dn\u00ed Swingov\u00fd ples v na\u0161\u00ed re\u017eii. <\/p>\n\n\n\n<p>Stejn\u011b jako v p\u0159edchoz\u00edch letech se s v\u00e1mi uvid\u00edme na tane\u010dn\u00edm parketu D\u011blnick\u00e9ho domu v Brn\u011b-\u017didenic\u00edch.<\/p>\n\n\n\n<p>A a\u010d je to p\u00e1tek 13., v\u011b\u0159\u00edme, \u017ee se v\u00e1m s n\u00e1mi nic zl\u00e9ho nestane. Pr\u00e1v\u011b naopak, m\u016f\u017eete se t\u011b\u0161it na:&nbsp;<\/p>\n\n\n\n<ul class=\"wp-block-list\"><li>tane\u010dn\u00ed lekci a vystoupen\u00ed student\u016f \u0161koly Swing Wings Brno<\/li><li>stepa\u0159sk\u00e9 vystoupen\u00ed tane\u010dn\u00ed \u0161koly No Feet<\/li><li>a mnoho dal\u0161\u00edho<\/li><\/ul>\n\n\n\n<p>Rezervace vstupenek p\u0159ij\u00edm\u00e1me na emailu wraadapband@gmail.com nebo p\u0159es rezerva\u010dn\u00ed formul\u00e1\u0159 <a href=\"https:\/\/forms.gle\/LuzJvHrFMeFCeCFa6\" target=\"_blank\" rel=\"noreferrer noopener\" aria-label=\" (otev\u0159e se na nov\u00e9 z\u00e1lo\u017ece)\">zde.<\/a><\/p>\n\n\n\n<p>Cena vstupenky je 330 korun. Pro skupiny 10 a v\u00edce osob 300,-\/ vstupenka.<\/p>\n\n\n\n<p>Aktu\u00e1ln\u00ed obsazen\u00ed s\u00e1lu D\u011blnick\u00e9ho domu. Aktualizace prob\u00edh\u00e1 ka\u017ed\u00fd den, ru\u010dn\u011b, bu\u010fte pros\u00edm trp\u011bliv\u00ed.<\/p>\n\n\n\n<figure class=\"wp-block-image\"><img decoding=\"async\" src=\"https:\/\/docs.google.com\/drawings\/d\/e\/2PACX-1vQb_9XezzxUaDzJ4962CJVY93cyj5TC1V1NXU-WbWC9oJwdo0WmY1KxVsmiKEoHWWA41CpXRw5gG0z4\/pub?w=960&amp;h=720\" alt=\"\"\/><\/figure>\n\n\n\n<figure class=\"wp-block-image\"><img decoding=\"async\" src=\"https:\/\/docs.google.com\/drawings\/d\/e\/2PACX-1vQ0Tdp2q-d2WkHKaWfbM0hwZ7UTiJFIWsS3sCwaeMMUtMs90G8Lqqg_jaxygTfAubIyRLZOzi5xAehK\/pub?w=960&amp;h=720\" alt=\"\"\/><\/figure>\n","protected":false},"excerpt":{"rendered":"<p>V\u00e1\u017een\u00ed p\u0159\u00e1tel\u00e9 swingov\u00e9 hudby a tance, i v leto\u0161n\u00edm roce bychom v\u00e1s v\u0161echny r\u00e1di pozvali na ji\u017e tradi\u010dn\u00ed Swingov\u00fd ples v na\u0161\u00ed re\u017eii. Stejn\u011b jako v p\u0159edchoz\u00edch letech se s v\u00e1mi uvid\u00edme na tane\u010dn\u00edm parketu D\u011blnick\u00e9ho domu v Brn\u011b-\u017didenic\u00edch. A a\u010d je to p\u00e1tek 13., v\u011b\u0159\u00edme, \u017ee se v\u00e1m s n\u00e1mi nic zl\u00e9ho nestane. Pr\u00e1v\u011b <a class=\"more-link\" href=\"https:\/\/www.wraadapband.cz\/?p=2561\">V\u00edce&#8230;<\/a><\/p>\n","protected":false},"author":6,"featured_media":2568,"comment_status":"closed","ping_status":"open","sticky":false,"template":"","format":"standard","meta":{"footnotes":""},"categories":[1],"tags":[],"class_list":["post-2561","post","type-post","status-publish","format-standard","has-post-thumbnail","hentry","category-aktuality"],"_links":{"self":[{"href":"https:\/\/www.wraadapband.cz\/index.php?rest_route=\/wp\/v2\/posts\/2561","targetHints":{"allow":["GET"]}}],"collection":[{"href":"https:\/\/www.wraadapband.cz\/index.php?rest_route=\/wp\/v2\/posts"}],"about":[{"href":"https:\/\/www.wraadapband.cz\/index.php?rest_route=\/wp\/v2\/types\/post"}],"author":[{"embeddable":true,"href":"https:\/\/www.wraadapband.cz\/index.php?rest_route=\/wp\/v2\/users\/6"}],"replies":[{"embeddable":true,"href":"https:\/\/www.wraadapband.cz\/index.php?rest_route=%2Fwp%2Fv2%2Fcomments&post=2561"}],"version-history":[{"count":6,"href":"https:\/\/www.wraadapband.cz\/index.php?rest_route=\/wp\/v2\/posts\/2561\/revisions"}],"predecessor-version":[{"id":2573,"href":"https:\/\/www.wraadapband.cz\/index.php?rest_route=\/wp\/v2\/posts\/2561\/revisions\/2573"}],"wp:featuredmedia":[{"embeddable":true,"href":"https:\/\/www.wraadapband.cz\/index.php?rest_route=\/wp\/v2\/media\/2568"}],"wp:attachment":[{"href":"https:\/\/www.wraadapband.cz\/index.php?rest_route=%2Fwp%2Fv2%2Fmedia&parent=2561"}],"wp:term":[{"taxonomy":"category","embeddable":true,"href":"https:\/\/www.wraadapband.cz\/index.php?rest_route=%2Fwp%2Fv2%2Fcategories&post=2561"},{"taxonomy":"post_tag","embeddable":true,"href":"https:\/\/www.wraadapband.cz\/index.php?rest_route=%2Fwp%2Fv2%2Ftags&post=2561"}],"curies":[{"name":"wp","href":"https:\/\/api.w.org\/{rel}","templated":true}]}}