{"id":2444,"date":"2019-01-12T13:06:32","date_gmt":"2019-01-12T11:06:32","guid":{"rendered":"http:\/\/www.wraadapband.cz\/?p=2444"},"modified":"2019-01-24T13:32:47","modified_gmt":"2019-01-24T11:32:47","slug":"swingovy-ples-2019","status":"publish","type":"post","link":"https:\/\/www.wraadapband.cz\/?p=2444","title":{"rendered":"Swingov\u00fd ples 15.3.2019"},"content":{"rendered":"<p><span style=\"font-weight: 400;\"><a href=\"https:\/\/www.wraadapband.cz\/wp-content\/uploads\/2019\/01\/Plak\u00e1t-Swingov\u00fd-ples-2019.jpg\"><img loading=\"lazy\" decoding=\"async\" class=\"wp-image-2479 alignleft\" src=\"https:\/\/www.wraadapband.cz\/wp-content\/uploads\/2019\/01\/Plak\u00e1t-Swingov\u00fd-ples-2019.jpg\" alt=\"\" width=\"346\" height=\"490\" srcset=\"https:\/\/www.wraadapband.cz\/wp-content\/uploads\/2019\/01\/Plak\u00e1t-Swingov\u00fd-ples-2019.jpg 827w, https:\/\/www.wraadapband.cz\/wp-content\/uploads\/2019\/01\/Plak\u00e1t-Swingov\u00fd-ples-2019-212x300.jpg 212w, https:\/\/www.wraadapband.cz\/wp-content\/uploads\/2019\/01\/Plak\u00e1t-Swingov\u00fd-ples-2019-768x1087.jpg 768w, https:\/\/www.wraadapband.cz\/wp-content\/uploads\/2019\/01\/Plak\u00e1t-Swingov\u00fd-ples-2019-723x1024.jpg 723w\" sizes=\"auto, (max-width: 346px) 100vw, 346px\" \/><\/a>V\u00e1\u017een\u00ed p\u0159\u00e1tel\u00e9,<\/span><\/p>\n<p><span style=\"font-weight: 400;\">v leto\u0161n\u00edm roce n\u00e1m bude op\u011bt velkou ct\u00ed p\u0159iv\u00edtat v\u00e1s na na\u0161em plese, tentokr\u00e1t u\u017e pop\u00e1t\u00e9. Exkluzivn\u011b v\u00e1s bude cel\u00fd ve\u010der bavit WraaDap Band ze Smetanky Zde\u0148ka Trebl\u00edka, kter\u00fd touto akc\u00ed vykro\u010d\u00ed do sv\u00e9 jeden\u00e1ct\u00e9 sezony.<\/span><\/p>\n<p><span style=\"font-weight: 400;\">Stejn\u011b jako v p\u0159edchoz\u00edch dvou letech v\u00e1s zveme na tane\u010dn\u00ed parket D\u011blnick\u00e9ho domu v Brn\u011b-\u017didenic\u00edch a t\u011b\u0161it se m\u016f\u017eete na:<\/span>&nbsp;<\/p>\n<ul>\n<li><span style=\"font-weight: 400;\">tane\u010dn\u00ed lekci a vystoupen\u00ed student\u016f \u0161koly Swing Wings Brno<\/span><\/li>\n<li><span style=\"font-weight: 400;\">stepa\u0159sk\u00e9 vystoupen\u00ed tane\u010dn\u00ed \u0161koly No Feet<\/span><\/li>\n<li><span style=\"font-weight: 400;\">origin\u00e1ln\u00ed fotokoutek<\/span><\/li>\n<li><span style=\"font-weight: 400;\">n\u00e1u\u0161nice, \u0161perky a ozdoby do vlas\u016f By Ili<\/span><\/li>\n<li><span style=\"font-weight: 400;\">a mnoho dal\u0161\u00edho<\/span><\/li>\n<\/ul>\n<p><span style=\"font-weight: 400;\">Rezervace vstupenek p\u0159ij\u00edm\u00e1me na emailu wraadapband@gmail.com nebo p\u0159es rezerva\u010dn\u00ed formul\u00e1\u0159 <\/span><a href=\"https:\/\/goo.gl\/forms\/QntvRau1AZI8swxV2\"><span style=\"font-weight: 400;\">zde.<\/span><\/a><\/p>\n<p><span style=\"font-weight: 400;\">Cena vstupenky je 300 korun. Pro skupiny 10 a v\u00edce osob 270,-\/ vstupenka.<\/span><\/p>\n<p><span style=\"font-weight: 400;\">Aktu\u00e1ln\u00ed obsazen\u00ed s\u00e1lu D\u011blnick\u00e9ho domu. Aktualizace prob\u00edh\u00e1 ka\u017ed\u00fd den, ru\u010dn\u011b, bu\u010fte pros\u00edm trp\u011bliv\u00ed.<\/span><\/p>\n<p><img decoding=\"async\" src=\"https:\/\/docs.google.com\/drawings\/d\/e\/2PACX-1vRlpPKiHOVe0kcGPEXZg4nn9xxie-A-ouR1OHBUaLTMz-b2jg4EtOZfY2ayCwgY479MT_fHYFhdVATV\/pub?w=960&amp;h=720\"><\/p>\n<p><img decoding=\"async\" src=\"https:\/\/docs.google.com\/drawings\/d\/e\/2PACX-1vShFmpJ_2Ch5v-hWoCKEtTY1rKilI5iIO3yWPHzoLxo9zVnEyq4z5PsRTH-0zJQgFoI50NVmocQkrCv\/pub?w=960&amp;h=720\"><\/p>\n","protected":false},"excerpt":{"rendered":"<p>V\u00e1\u017een\u00ed p\u0159\u00e1tel\u00e9, v leto\u0161n\u00edm roce n\u00e1m bude op\u011bt velkou ct\u00ed p\u0159iv\u00edtat v\u00e1s na na\u0161em plese, tentokr\u00e1t u\u017e pop\u00e1t\u00e9. Exkluzivn\u011b v\u00e1s bude cel\u00fd ve\u010der bavit WraaDap Band ze Smetanky Zde\u0148ka Trebl\u00edka, kter\u00fd touto akc\u00ed vykro\u010d\u00ed do sv\u00e9 jeden\u00e1ct\u00e9 sezony. Stejn\u011b jako v p\u0159edchoz\u00edch dvou letech v\u00e1s zveme na tane\u010dn\u00ed parket D\u011blnick\u00e9ho domu v Brn\u011b-\u017didenic\u00edch a t\u011b\u0161it <a class=\"more-link\" href=\"https:\/\/www.wraadapband.cz\/?p=2444\">V\u00edce&#8230;<\/a><\/p>\n","protected":false},"author":6,"featured_media":2479,"comment_status":"closed","ping_status":"open","sticky":false,"template":"","format":"standard","meta":{"footnotes":""},"categories":[1],"tags":[],"class_list":["post-2444","post","type-post","status-publish","format-standard","has-post-thumbnail","hentry","category-aktuality"],"_links":{"self":[{"href":"https:\/\/www.wraadapband.cz\/index.php?rest_route=\/wp\/v2\/posts\/2444","targetHints":{"allow":["GET"]}}],"collection":[{"href":"https:\/\/www.wraadapband.cz\/index.php?rest_route=\/wp\/v2\/posts"}],"about":[{"href":"https:\/\/www.wraadapband.cz\/index.php?rest_route=\/wp\/v2\/types\/post"}],"author":[{"embeddable":true,"href":"https:\/\/www.wraadapband.cz\/index.php?rest_route=\/wp\/v2\/users\/6"}],"replies":[{"embeddable":true,"href":"https:\/\/www.wraadapband.cz\/index.php?rest_route=%2Fwp%2Fv2%2Fcomments&post=2444"}],"version-history":[{"count":28,"href":"https:\/\/www.wraadapband.cz\/index.php?rest_route=\/wp\/v2\/posts\/2444\/revisions"}],"predecessor-version":[{"id":2499,"href":"https:\/\/www.wraadapband.cz\/index.php?rest_route=\/wp\/v2\/posts\/2444\/revisions\/2499"}],"wp:featuredmedia":[{"embeddable":true,"href":"https:\/\/www.wraadapband.cz\/index.php?rest_route=\/wp\/v2\/media\/2479"}],"wp:attachment":[{"href":"https:\/\/www.wraadapband.cz\/index.php?rest_route=%2Fwp%2Fv2%2Fmedia&parent=2444"}],"wp:term":[{"taxonomy":"category","embeddable":true,"href":"https:\/\/www.wraadapband.cz\/index.php?rest_route=%2Fwp%2Fv2%2Fcategories&post=2444"},{"taxonomy":"post_tag","embeddable":true,"href":"https:\/\/www.wraadapband.cz\/index.php?rest_route=%2Fwp%2Fv2%2Ftags&post=2444"}],"curies":[{"name":"wp","href":"https:\/\/api.w.org\/{rel}","templated":true}]}}