{"id":2005,"date":"2018-01-01T22:29:05","date_gmt":"2018-01-01T20:29:05","guid":{"rendered":"http:\/\/www.wraadapband.cz\/?p=2005"},"modified":"2018-02-16T10:40:01","modified_gmt":"2018-02-16T08:40:01","slug":"swingovy-ples-2018","status":"publish","type":"post","link":"https:\/\/www.wraadapband.cz\/?p=2005","title":{"rendered":"Swingov\u00fd ples 23. 2. 2018"},"content":{"rendered":"<p>&nbsp;<\/p>\n<p><a href=\"https:\/\/www.wraadapband.cz\/wp-content\/uploads\/2018\/01\/SwingovyPles2018-02-23_FINAL5_nahled.jpg\"><img loading=\"lazy\" decoding=\"async\" class=\" wp-image-2024 alignleft\" src=\"https:\/\/www.wraadapband.cz\/wp-content\/uploads\/2018\/01\/SwingovyPles2018-02-23_FINAL5_nahled-212x300.jpg\" alt=\"\" width=\"331\" height=\"468\" srcset=\"https:\/\/www.wraadapband.cz\/wp-content\/uploads\/2018\/01\/SwingovyPles2018-02-23_FINAL5_nahled-212x300.jpg 212w, https:\/\/www.wraadapband.cz\/wp-content\/uploads\/2018\/01\/SwingovyPles2018-02-23_FINAL5_nahled-768x1086.jpg 768w, https:\/\/www.wraadapband.cz\/wp-content\/uploads\/2018\/01\/SwingovyPles2018-02-23_FINAL5_nahled-724x1024.jpg 724w, https:\/\/www.wraadapband.cz\/wp-content\/uploads\/2018\/01\/SwingovyPles2018-02-23_FINAL5_nahled.jpg 1754w\" sizes=\"auto, (max-width: 331px) 100vw, 331px\" \/><\/a>V\u00e1\u017een\u00ed p\u0159\u00e1tel\u00e9,<\/p>\n<p>stejn\u011b jako v roce lo\u0148sk\u00e9m se i letos m\u016f\u017eete v D\u011blnick\u00e9m dom\u011b t\u011b\u0161it na dva swinguj\u00edc\u00ed big bandy z Moravy!<\/p>\n<p>A to na WraaDap Band ze Smetanky Zde\u0148ka Trebl\u00edka a Swingtime Band Martina Svobody, kte\u0159\u00ed k n\u00e1m op\u011bt zav\u00edtaj\u00ed z Fren\u0161t\u00e1tu pod Radho\u0161t\u011bm.<\/p>\n<p>Letos jsme si pro v\u00e1s p\u0159ipravili tak\u00e9 tane\u010dn\u00ed lekci a uk\u00e1zku, a to nejen swingovou, ale i stepa\u0159skou, nuda tedy rozhodn\u011b nebude.<\/p>\n<p>Tak nale\u0161t\u011bte botky, opra\u0161te k\u0161andy a vy\u017eehlete sukn\u011b! T\u011b\u0161\u00edme se na v\u00e1s!<\/p>\n<p>Vstupenky si m\u016f\u017eete zarezervovat p\u0159es n\u00e1\u0161 email wraadapband@gmail.com nebo p\u0159es formul\u00e1\u0159\u00a0<a href=\"https:\/\/goo.gl\/forms\/IZ1OxdPtxcNNeC1c2\" target=\"_blank\" rel=\"noopener\">zde.<\/a><\/p>\n<p>Jednotn\u00e1 cena vstupenky je 300 korun, p\u0159i v\u011bt\u0161\u00edm mno\u017estv\u00ed mo\u017en\u00e1 sleva \ud83d\ude42<\/p>\n<p>&nbsp;<\/p>\n<p style=\"text-align: center;\">Aktu\u00e1ln\u00ed obsazen\u00ed s\u00e1lu D\u011blnick\u00e9ho domu. Aktualizace prob\u00edh\u00e1 ka\u017ed\u00fd den, ru\u010dn\u011b, bu\u010fte pros\u00edm trp\u011bliv\u00ed.<\/p>\n<p><img decoding=\"async\" src=\"https:\/\/docs.google.com\/drawings\/d\/e\/2PACX-1vTkCu-H7kByjE5uk2zGx6SgFkMC1b0kfXHMWEDkjMR2p7qn0csMknk9DlNi-JGeLm0505211jpFcL2o\/pub?w=960&amp;h=720\" \/><\/p>\n<p><img decoding=\"async\" src=\"https:\/\/docs.google.com\/drawings\/d\/e\/2PACX-1vTnDqDx3IawLir-T5WyomXMeEzmwonGN36zzJT7mgLcySm6jHWMaOaA7XCKxVEZCun_nNjf9J8h_Pkd\/pub?w=960&amp;h=720\" \/><\/p>\n","protected":false},"excerpt":{"rendered":"<p>&nbsp; V\u00e1\u017een\u00ed p\u0159\u00e1tel\u00e9, stejn\u011b jako v roce lo\u0148sk\u00e9m se i letos m\u016f\u017eete v D\u011blnick\u00e9m dom\u011b t\u011b\u0161it na dva swinguj\u00edc\u00ed big bandy z Moravy! A to na WraaDap Band ze Smetanky Zde\u0148ka Trebl\u00edka a Swingtime Band Martina Svobody, kte\u0159\u00ed k n\u00e1m op\u011bt zav\u00edtaj\u00ed z Fren\u0161t\u00e1tu pod Radho\u0161t\u011bm. Letos jsme si pro v\u00e1s p\u0159ipravili tak\u00e9 tane\u010dn\u00ed lekci <a class=\"more-link\" href=\"https:\/\/www.wraadapband.cz\/?p=2005\">V\u00edce&#8230;<\/a><\/p>\n","protected":false},"author":6,"featured_media":2024,"comment_status":"closed","ping_status":"open","sticky":false,"template":"","format":"standard","meta":{"footnotes":""},"categories":[1],"tags":[],"class_list":["post-2005","post","type-post","status-publish","format-standard","has-post-thumbnail","hentry","category-aktuality"],"_links":{"self":[{"href":"https:\/\/www.wraadapband.cz\/index.php?rest_route=\/wp\/v2\/posts\/2005","targetHints":{"allow":["GET"]}}],"collection":[{"href":"https:\/\/www.wraadapband.cz\/index.php?rest_route=\/wp\/v2\/posts"}],"about":[{"href":"https:\/\/www.wraadapband.cz\/index.php?rest_route=\/wp\/v2\/types\/post"}],"author":[{"embeddable":true,"href":"https:\/\/www.wraadapband.cz\/index.php?rest_route=\/wp\/v2\/users\/6"}],"replies":[{"embeddable":true,"href":"https:\/\/www.wraadapband.cz\/index.php?rest_route=%2Fwp%2Fv2%2Fcomments&post=2005"}],"version-history":[{"count":15,"href":"https:\/\/www.wraadapband.cz\/index.php?rest_route=\/wp\/v2\/posts\/2005\/revisions"}],"predecessor-version":[{"id":2265,"href":"https:\/\/www.wraadapband.cz\/index.php?rest_route=\/wp\/v2\/posts\/2005\/revisions\/2265"}],"wp:featuredmedia":[{"embeddable":true,"href":"https:\/\/www.wraadapband.cz\/index.php?rest_route=\/wp\/v2\/media\/2024"}],"wp:attachment":[{"href":"https:\/\/www.wraadapband.cz\/index.php?rest_route=%2Fwp%2Fv2%2Fmedia&parent=2005"}],"wp:term":[{"taxonomy":"category","embeddable":true,"href":"https:\/\/www.wraadapband.cz\/index.php?rest_route=%2Fwp%2Fv2%2Fcategories&post=2005"},{"taxonomy":"post_tag","embeddable":true,"href":"https:\/\/www.wraadapband.cz\/index.php?rest_route=%2Fwp%2Fv2%2Ftags&post=2005"}],"curies":[{"name":"wp","href":"https:\/\/api.w.org\/{rel}","templated":true}]}}